{"id":8962,"date":"2018-03-16T11:13:44","date_gmt":"2018-03-16T10:13:44","guid":{"rendered":"http:\/\/colibris-nancy.fr\/?p=8962"},"modified":"2018-03-16T11:13:44","modified_gmt":"2018-03-16T10:13:44","slug":"invitation-a-la-presentation-de-lassociation-les-jardins-citoyens","status":"publish","type":"post","link":"https:\/\/intermedium.fr\/laquete\/2018\/03\/16\/invitation-a-la-presentation-de-lassociation-les-jardins-citoyens\/","title":{"rendered":"Pr\u00e9sentation de l&rsquo;association \u00ab\u00a0LES JARDINS CITOYENS\u00a0\u00bb"},"content":{"rendered":"<p>Cher(e)s ami(e)s<\/p>\n<p><em>Nous en avions r\u00eav\u00e9.<br \/>\n<\/em><\/p>\n<p><em>Aujourd\u2019hui, ce projet a germ\u00e9 et d\u00e9j\u00e0 il s\u2019enracine sous le nom :\u00a0<\/em><\/p>\n<h1 style=\"text-align: center;\"><em>\u00ab\u00a0Les Jardins Citoyens\u00a0\u00bb\u00a0<\/em><\/h1>\n<p><strong><u>Sa vocation:<\/u><\/strong><\/p>\n<ul>\n<li>Exploitation vivri\u00e8re de terrains en permaculture<\/li>\n<li>Conservation et entretien des arbres fruitiers<\/li>\n<li>Installation de ruches<\/li>\n<li>Zone de vente<\/li>\n<li>Cr\u00e9ation d\u2019une zone de d\u00e9tente<\/li>\n<li>Visites p\u00e9dagogiques pour enfants et adultes.<\/li>\n<li>D\u2019autres id\u00e9es \u00e0 d\u00e9velopper dans l\u2019esprit de partage, de savoir et de Connaissance.<\/li>\n<\/ul>\n<p>Dominique MESSAIN, Manuel JAN, Gilles MONTBARBON et G\u00e9rard LORRAIN<\/p>\n<p><strong><u>Site internet:<\/u><\/strong><strong>\u00a0 <a href=\"http:\/\/www.lesjardinscitoyens.fr\/\">www.lesjardinscitoyens.fr<\/a><\/strong><\/p>\n","protected":false},"excerpt":{"rendered":"<p>Cher(e)s ami(e)s Nous en avions r\u00eav\u00e9. Aujourd\u2019hui, ce projet a germ\u00e9 et d\u00e9j\u00e0 il s\u2019enracine sous le nom :\u00a0 \u00ab\u00a0Les Jardins Citoyens\u00a0\u00bb\u00a0 Sa vocation: Exploitation vivri\u00e8re de terrains en permaculture &#8230; <a title=\"Pr\u00e9sentation de l&rsquo;association \u00ab\u00a0LES JARDINS CITOYENS\u00a0\u00bb\" class=\"read-more\" href=\"https:\/\/intermedium.fr\/laquete\/2018\/03\/16\/invitation-a-la-presentation-de-lassociation-les-jardins-citoyens\/\" aria-label=\"Plus sur Pr\u00e9sentation de l&rsquo;association \u00ab\u00a0LES JARDINS CITOYENS\u00a0\u00bb\">Lire plus<\/a><\/p>\n","protected":false},"author":1,"featured_media":8963,"comment_status":"open","ping_status":"open","sticky":false,"template":"","format":"standard","meta":{"footnotes":""},"categories":[10,28,52,58],"tags":[67],"class_list":["post-8962","post","type-post","status-publish","format-standard","has-post-thumbnail","hentry","category-agro-ecologie","category-environnement","category-relier","category-themes-mensuels","tag-avril-2019","masonry-post","generate-columns","tablet-grid-50","mobile-grid-100","grid-parent","grid-25"],"_links":{"self":[{"href":"https:\/\/intermedium.fr\/laquete\/wp-json\/wp\/v2\/posts\/8962","targetHints":{"allow":["GET"]}}],"collection":[{"href":"https:\/\/intermedium.fr\/laquete\/wp-json\/wp\/v2\/posts"}],"about":[{"href":"https:\/\/intermedium.fr\/laquete\/wp-json\/wp\/v2\/types\/post"}],"author":[{"embeddable":true,"href":"https:\/\/intermedium.fr\/laquete\/wp-json\/wp\/v2\/users\/1"}],"replies":[{"embeddable":true,"href":"https:\/\/intermedium.fr\/laquete\/wp-json\/wp\/v2\/comments?post=8962"}],"version-history":[{"count":0,"href":"https:\/\/intermedium.fr\/laquete\/wp-json\/wp\/v2\/posts\/8962\/revisions"}],"wp:featuredmedia":[{"embeddable":true,"href":"https:\/\/intermedium.fr\/laquete\/wp-json\/wp\/v2\/media\/8963"}],"wp:attachment":[{"href":"https:\/\/intermedium.fr\/laquete\/wp-json\/wp\/v2\/media?parent=8962"}],"wp:term":[{"taxonomy":"category","embeddable":true,"href":"https:\/\/intermedium.fr\/laquete\/wp-json\/wp\/v2\/categories?post=8962"},{"taxonomy":"post_tag","embeddable":true,"href":"https:\/\/intermedium.fr\/laquete\/wp-json\/wp\/v2\/tags?post=8962"}],"curies":[{"name":"wp","href":"https:\/\/api.w.org\/{rel}","templated":true}]}}