{"id":9071,"date":"2018-03-04T17:29:32","date_gmt":"2018-03-04T16:29:32","guid":{"rendered":"https:\/\/colibris-nancy.fr\/?p=9071"},"modified":"2018-03-04T17:29:32","modified_gmt":"2018-03-04T16:29:32","slug":"laccueil-des-migrants-un-projet-qui-se-concretise","status":"publish","type":"post","link":"https:\/\/intermedium.fr\/laquete\/2018\/03\/04\/laccueil-des-migrants-un-projet-qui-se-concretise\/","title":{"rendered":"L&rsquo;accueil des migrants, un projet qui se concr\u00e9tise"},"content":{"rendered":"<p>Il a beaucoup \u00e9t\u00e9 question des migrants ces derniers temps, notamment dans les informations politiques, o\u00f9 de nombreuses pol\u00e9miques ont oppos\u00e9es la fermet\u00e9 et l&rsquo;humanisme, mettant en \u00e9vidence, l&rsquo;ampleur du probl\u00e8me et les diverses fa\u00e7ons de l&rsquo;appr\u00e9hender.<\/p>\n<p>D\u00e8s le mois de septembre, bien avant les r\u00e9centes discussions, un groupe de Colibris de Nancy s&rsquo;\u00e9tait, comme tout le monde, \u00e9mu de l&rsquo;immense d\u00e9tresse que vivent ces r\u00e9fugi\u00e9s en France : dans le d\u00e9nuement le plus total, l\u2019extr\u00eame ins\u00e9curit\u00e9 \u00e0 tous les niveaux, l\u2019indiff\u00e9rence voire l\u2019hostilit\u00e9 x\u00e9nophobe ou raciste.<\/p>\n<p>Dans un espace o\u00f9 de nombreux acteurs sont d\u00e9j\u00e0 \u00e0 l&rsquo;\u0153uvre, notamment des associations qui font de leur mieux pour prodiguer leur aide dans l&rsquo;accueil d\u2019urgence, l&rsquo;aide alimentaire et\u00a0 mat\u00e9rielle, l&rsquo;assistance juridique, l&rsquo; apprentissage du fran\u00e7ais, la recherche d\u2019emploi\u2026, comment se rendre utile ?<\/p>\n<p>Un gros travail de r\u00e9flexion, doubl\u00e9 d&rsquo;exp\u00e9riences individuelles aupr\u00e8s de ces populations ont permis de tracer les contours de ce qui pourrait \u00eatre la part des Colibris de Nancy. Voir la d\u00e9finition du <a href=\"https:\/\/colibris-nancy.fr\/participer-a-laccueil-et-a-lintegration-des-migrants\/\">projet mis en ligne sur le site\u00a0<em>Colibris-Nancy.fr<\/em><\/a>. Cette d\u00e9finition a bien s\u00fbr vocation \u00e0 \u00e9voluer, par les apports de tous ceux que le sujet inspire, Colibris ou non.<\/p>\n<p>D&rsquo;autres Groupes Locaux dans d&rsquo;autres villes de France, \u00e9galement interpel\u00e9s par ce probl\u00e8me, ne manquerons pas de partager leurs id\u00e9es et leurs exp\u00e9riences.<br \/>\nLes migrations constituent aujourd&rsquo;hui un d\u00e9fi majeur pour notre soci\u00e9t\u00e9. Le monde est en transition et les Colibris ont \u00e0 c\u0153ur d&rsquo;y apporter leur part, non seulement d&rsquo;un point de vue strictement mat\u00e9riel, mais ayant \u00e0 l&rsquo;esprit que le besoin de ces populations exil\u00e9es, qui a le plus \u00e9t\u00e9 l\u00e9s\u00e9, est sans doute le besoin d&rsquo;existence, de respect de la personne et de dignit\u00e9.<\/p>\n<p>Merci d&rsquo;avance de votre aide pour enrichir notre projet.<br \/>\nMerci de renforcer notre \u00e9quipe pour le r\u00e9aliser.<\/p>\n<p>Ceux qui se sentent concern\u00e9s peuvent prendre contact lors de nos r\u00e9unions du Groupe Local, ou par email :\u00a0<a href=\"mailto:contact@colibris-nancy.fr\">contact@colibris-nancy.fr<\/a><\/p>\n","protected":false},"excerpt":{"rendered":"<p>Il a beaucoup \u00e9t\u00e9 question des migrants ces derniers temps, notamment dans les informations politiques, o\u00f9 de nombreuses pol\u00e9miques ont oppos\u00e9es la fermet\u00e9 et l&rsquo;humanisme, mettant en \u00e9vidence, l&rsquo;ampleur du &#8230; <a title=\"L&rsquo;accueil des migrants, un projet qui se concr\u00e9tise\" class=\"read-more\" href=\"https:\/\/intermedium.fr\/laquete\/2018\/03\/04\/laccueil-des-migrants-un-projet-qui-se-concretise\/\" aria-label=\"Plus sur L&rsquo;accueil des migrants, un projet qui se concr\u00e9tise\">Lire plus<\/a><\/p>\n","protected":false},"author":1,"featured_media":9062,"comment_status":"open","ping_status":"open","sticky":false,"template":"","format":"standard","meta":{"footnotes":""},"categories":[36],"tags":[],"class_list":["post-9071","post","type-post","status-publish","format-standard","has-post-thumbnail","hentry","category-colibris-sans-frontieres","masonry-post","generate-columns","tablet-grid-50","mobile-grid-100","grid-parent","grid-25"],"_links":{"self":[{"href":"https:\/\/intermedium.fr\/laquete\/wp-json\/wp\/v2\/posts\/9071","targetHints":{"allow":["GET"]}}],"collection":[{"href":"https:\/\/intermedium.fr\/laquete\/wp-json\/wp\/v2\/posts"}],"about":[{"href":"https:\/\/intermedium.fr\/laquete\/wp-json\/wp\/v2\/types\/post"}],"author":[{"embeddable":true,"href":"https:\/\/intermedium.fr\/laquete\/wp-json\/wp\/v2\/users\/1"}],"replies":[{"embeddable":true,"href":"https:\/\/intermedium.fr\/laquete\/wp-json\/wp\/v2\/comments?post=9071"}],"version-history":[{"count":0,"href":"https:\/\/intermedium.fr\/laquete\/wp-json\/wp\/v2\/posts\/9071\/revisions"}],"wp:featuredmedia":[{"embeddable":true,"href":"https:\/\/intermedium.fr\/laquete\/wp-json\/wp\/v2\/media\/9062"}],"wp:attachment":[{"href":"https:\/\/intermedium.fr\/laquete\/wp-json\/wp\/v2\/media?parent=9071"}],"wp:term":[{"taxonomy":"category","embeddable":true,"href":"https:\/\/intermedium.fr\/laquete\/wp-json\/wp\/v2\/categories?post=9071"},{"taxonomy":"post_tag","embeddable":true,"href":"https:\/\/intermedium.fr\/laquete\/wp-json\/wp\/v2\/tags?post=9071"}],"curies":[{"name":"wp","href":"https:\/\/api.w.org\/{rel}","templated":true}]}}