{"id":9130,"date":"2018-03-23T09:07:10","date_gmt":"2018-03-23T08:07:10","guid":{"rendered":"https:\/\/colibris-nancy.fr\/?p=9130"},"modified":"2018-03-23T09:07:10","modified_gmt":"2018-03-23T08:07:10","slug":"le-colibris-solidaire-et-le-groupe-accueil-des-migrants-vous-remercie","status":"publish","type":"post","link":"https:\/\/intermedium.fr\/laquete\/2018\/03\/23\/le-colibris-solidaire-et-le-groupe-accueil-des-migrants-vous-remercie\/","title":{"rendered":"Les \u00ab\u00a0Colibris Solidaires\u00a0\u00bb et le groupe Accueil des Migrants vous remercient."},"content":{"rendered":"<p>Pour notre derni\u00e8re r\u00e9union du Groupe Local, nous avions lanc\u00e9 un appel \u00e0 votre g\u00e9n\u00e9rosit\u00e9 pour recueillir de v\u00eatements, couvertures et denr\u00e9es non p\u00e9rissables pour nos maraudes.<\/p>\n<p>Aujourd&rsquo;hui, nous vous remercions de votre g\u00e9n\u00e9rosit\u00e9 qui nous a permis d&rsquo;apporter un peu de chaleur humaine aux plus d\u00e9munis.<br \/>\nMerci aussi \u00e0 ceux qui ont rejoint nos groupes, apportant avec eux leur cr\u00e9ativit\u00e9 et leurs comp\u00e9tences.<\/p>\n<p>Il est clair que notre appel reste permanent : la mis\u00e8re perdure.<br \/>\nLe Colibri fait sa part&#8230;<br \/>\nNous vous tiendrons r\u00e9guli\u00e8rement au courant de nos actions.<\/p>\n<p>Encore merci.<\/p>\n","protected":false},"excerpt":{"rendered":"<p>Pour notre derni\u00e8re r\u00e9union du Groupe Local, nous avions lanc\u00e9 un appel \u00e0 votre g\u00e9n\u00e9rosit\u00e9 pour recueillir de v\u00eatements, couvertures et denr\u00e9es non p\u00e9rissables pour nos maraudes. Aujourd&rsquo;hui, nous vous &#8230; <a title=\"Les \u00ab\u00a0Colibris Solidaires\u00a0\u00bb et le groupe Accueil des Migrants vous remercient.\" class=\"read-more\" href=\"https:\/\/intermedium.fr\/laquete\/2018\/03\/23\/le-colibris-solidaire-et-le-groupe-accueil-des-migrants-vous-remercie\/\" aria-label=\"Plus sur Les \u00ab\u00a0Colibris Solidaires\u00a0\u00bb et le groupe Accueil des Migrants vous remercient.\">Lire plus<\/a><\/p>\n","protected":false},"author":1,"featured_media":9132,"comment_status":"open","ping_status":"open","sticky":false,"template":"","format":"standard","meta":{"footnotes":""},"categories":[36],"tags":[75],"class_list":["post-9130","post","type-post","status-publish","format-standard","has-post-thumbnail","hentry","category-colibris-sans-frontieres","tag-edito","masonry-post","generate-columns","tablet-grid-50","mobile-grid-100","grid-parent","grid-25"],"_links":{"self":[{"href":"https:\/\/intermedium.fr\/laquete\/wp-json\/wp\/v2\/posts\/9130","targetHints":{"allow":["GET"]}}],"collection":[{"href":"https:\/\/intermedium.fr\/laquete\/wp-json\/wp\/v2\/posts"}],"about":[{"href":"https:\/\/intermedium.fr\/laquete\/wp-json\/wp\/v2\/types\/post"}],"author":[{"embeddable":true,"href":"https:\/\/intermedium.fr\/laquete\/wp-json\/wp\/v2\/users\/1"}],"replies":[{"embeddable":true,"href":"https:\/\/intermedium.fr\/laquete\/wp-json\/wp\/v2\/comments?post=9130"}],"version-history":[{"count":0,"href":"https:\/\/intermedium.fr\/laquete\/wp-json\/wp\/v2\/posts\/9130\/revisions"}],"wp:featuredmedia":[{"embeddable":true,"href":"https:\/\/intermedium.fr\/laquete\/wp-json\/wp\/v2\/media\/9132"}],"wp:attachment":[{"href":"https:\/\/intermedium.fr\/laquete\/wp-json\/wp\/v2\/media?parent=9130"}],"wp:term":[{"taxonomy":"category","embeddable":true,"href":"https:\/\/intermedium.fr\/laquete\/wp-json\/wp\/v2\/categories?post=9130"},{"taxonomy":"post_tag","embeddable":true,"href":"https:\/\/intermedium.fr\/laquete\/wp-json\/wp\/v2\/tags?post=9130"}],"curies":[{"name":"wp","href":"https:\/\/api.w.org\/{rel}","templated":true}]}}